{"id":8646,"date":"2026-04-09T18:03:23","date_gmt":"2026-04-09T14:03:23","guid":{"rendered":"https:\/\/reganvanrooy.com\/?p=8646"},"modified":"2026-06-24T14:29:24","modified_gmt":"2026-06-24T10:29:24","slug":"t1-2026-un-trimestre-de-mise-en-oeuvre-des-reformes-et-de-changements-discrets","status":"publish","type":"post","link":"https:\/\/reganvanrooy.com\/fr\/q1-2026-a-quarter-of-reform-enforcement-and-quiet-shifts\/","title":{"rendered":"T1 2026 : Un trimestre de r\u00e9formes, de mise en application et de changements discrets"},"content":{"rendered":"<p class=\"wp-block-paragraph\">S'il y a un th\u00e8me unique qui a d\u00e9fini la fiscalit\u00e9 en Afrique au premier trimestre 2026, c'est celui-ci : le changement s'acc\u00e9l\u00e8re, mais pas toujours de mani\u00e8re \u00e9vidente.<\/p>\n\n\n\n<p class=\"wp-block-paragraph\">Alors que certaines juridictions ont introduit des r\u00e9formes majeures, d'autres se sont concentr\u00e9es sur quelque chose de moins visible mais tout aussi important, en resserrant l'interpr\u00e9tation, en modernisant l'administration et en \u00e9largissant la port\u00e9e pratique des r\u00e8gles existantes.<\/p>\n\n\n\n<p class=\"wp-block-paragraph\">Sur le continent, les syst\u00e8mes fiscaux deviennent plus num\u00e9riques, plus affirm\u00e9s et plus align\u00e9s sur les normes mondiales. Parall\u00e8lement, l'\u00e9cart entre la mani\u00e8re dont les entreprises structurent leurs arrangements et la mani\u00e8re dont les autorit\u00e9s fiscales les interpr\u00e8tent se r\u00e9duit rapidement.<\/p>\n\n\n\n<p class=\"wp-block-paragraph\">Voici quelques d\u00e9veloppements cl\u00e9s qui ont fa\u00e7onn\u00e9 le trimestre.<\/p>\n\n\n\n<h2 class=\"wp-block-heading\">Botswana : une r\u00e9initialisation du syst\u00e8me en cours<\/h2>\n\n\n\n<p class=\"wp-block-paragraph\">Les r\u00e9formes fiscales propos\u00e9es par le Botswana pour 2026 se distinguent comme l'un des changements les plus importants que nous ayons connus ces derni\u00e8res ann\u00e9es.<\/p>\n\n\n\n<p class=\"wp-block-paragraph\">La direction est claire : une assiette fiscale \u00e9largie, des taux plus \u00e9lev\u00e9s et un cadre fiscal international renforc\u00e9.<br><\/p>\n\n\n\n<p class=\"wp-block-paragraph\">Les principaux d\u00e9veloppements sont les suivants :<\/p>\n\n\n\n<ul class=\"wp-block-list\">\n<li>Une hausse du taux d&#x27;imposition des soci\u00e9t\u00e9s \u00e0 25%<\/li>\n\n\n\n<li>Une d\u00e9marche visant \u00e0 imposer le revenu mondial des r\u00e9sidents<\/li>\n\n\n\n<li>Introduction des r\u00e8gles CFC et des mesures align\u00e9es sur le Pilier 2<\/li>\n\n\n\n<li>Expansion de la TVA aux services num\u00e9riques et \u00e0 distance<\/li>\n\n\n\n<li>Facturation \u00e9lectronique obligatoire \u00e0 partir d'avril 2026<\/li>\n<\/ul>\n\n\n\n<p class=\"wp-block-paragraph\"><\/p>\n\n\n\n<p class=\"wp-block-paragraph\">Pris ensemble, ces changements repr\u00e9sentent plus qu'une r\u00e9forme progressive. Ils signalent un mouvement d\u00e9lib\u00e9r\u00e9 vers un syst\u00e8me align\u00e9 mondialement, appliqu\u00e9 num\u00e9riquement et beaucoup moins permissif d'un point de vue de structuration internationale.<\/p>\n\n\n\n<p class=\"wp-block-paragraph\">Pour les groupes multinationaux, le message est clair : les structures qui fonctionnaient auparavant pourraient ne plus tenir dans ce nouveau cadre.<\/p>\n\n\n\n<h2 class=\"wp-block-heading\">Namibie : R\u00e9forme sans perturbation<\/h2>\n\n\n\n<p class=\"wp-block-paragraph\">En revanche, le budget 2026 de la Namibie adopte une approche plus mesur\u00e9e.<\/p>\n\n\n\n<p class=\"wp-block-paragraph\">Il n'y a pas de changements radicaux, mais il y a une direction claire et constante :<\/p>\n\n\n\n<ul class=\"wp-block-list\">\n<li>Poursuite de la digitalisation de la TVA par la facturation \u00e9lectronique<\/li>\n\n\n\n<li>Introduction de r\u00e8gles de divulgation obligatoire pour la planification fiscale agressive<\/li>\n\n\n\n<li>Am\u00e9lioration des incitations \u00e0 l'investissement et des r\u00e9gimes de ZES<\/li>\n\n\n\n<li>Premiers mouvements vers un all\u00e9gement collectif pour les restructurations<\/li>\n<\/ul>\n\n\n\n<p class=\"wp-block-paragraph\"><\/p>\n\n\n\n<p class=\"wp-block-paragraph\">Ce n'est pas une r\u00e9forme de choc. C'est un perfectionnement du syst\u00e8me.<\/p>\n\n\n\n<p class=\"wp-block-paragraph\">La Namibie s'aligne progressivement sur les normes internationales tout en se concentrant sur l'efficacit\u00e9 administrative, notamment des remboursements de TVA plus rapides et des d\u00e9lais de traitement des imp\u00f4ts am\u00e9lior\u00e9s.<\/p>\n\n\n\n<p class=\"wp-block-paragraph\">Pour les entreprises, cela cr\u00e9e un type de d\u00e9fi diff\u00e9rent. Pas une perturbation soudaine, mais un resserrement progressif des attentes en mati\u00e8re de conformit\u00e9 et des exigences de transparence.<\/p>\n\n\n\n<h2 class=\"wp-block-heading\">Nigeria : Quand une loi commence-t-elle r\u00e9ellement ?<\/h2>\n\n\n\n<p class=\"wp-block-paragraph\">La loi fiscale nig\u00e9riane de 2025 pourrait \u00eatre l'une des \u00e9volutions l\u00e9gislatives les plus importantes sur le continent, mais au premier trimestre, l'attention ne s'est pas port\u00e9e uniquement sur ce qui a chang\u00e9, mais aussi sur la date d'application effective de ces changements.<\/p>\n\n\n\n<p class=\"wp-block-paragraph\">La position officielle est que la loi s'applique \u00e0 compter du 1er janvier 2026. En pratique, cependant, la transition est beaucoup plus complexe.<\/p>\n\n\n\n<p class=\"wp-block-paragraph\">Des r\u00e8gles diff\u00e9rentes s'appliquent selon le type d'imp\u00f4t :<\/p>\n\n\n\n<ul class=\"wp-block-list\">\n<li>Les taxes sur les transactions suivent une date limite relativement claire<\/li>\n\n\n\n<li>Les revenus d'emploi et les revenus de placement sont r\u00e9partis en fonction du moment o\u00f9 les revenus sont g\u00e9n\u00e9r\u00e9s.<\/li>\n\n\n\n<li>Les plus-values peuvent \u00eatre impos\u00e9es en totalit\u00e9 selon le nouveau r\u00e9gime, m\u00eame lorsque la valeur a augment\u00e9 avant 2026<\/li>\n\n\n\n<li>Les b\u00e9n\u00e9fices des entreprises soul\u00e8vent les questions les plus difficiles, particuli\u00e8rement lorsque les r\u00e8gles de l'ann\u00e9e pr\u00e9c\u00e9dente cr\u00e9ent des effets r\u00e9troactifs potentiels.<\/li>\n<\/ul>\n\n\n\n<p class=\"wp-block-paragraph\"><\/p>\n\n\n\n<p class=\"wp-block-paragraph\">Le r\u00e9sultat est un niveau d'incertitude qui d\u00e9passe l'interpr\u00e9tation technique. Il affecte :<\/p>\n\n\n\n<ul class=\"wp-block-list\">\n<li>Taux d'imposition<\/li>\n\n\n\n<li>Admissibilit\u00e9 aux d\u00e9ductions<\/li>\n\n\n\n<li>Exposition \u00e0 de nouvelles r\u00e8gles telles que les cessions indirectes<\/li>\n<\/ul>\n\n\n\n<p class=\"wp-block-paragraph\"><\/p>\n\n\n\n<p class=\"wp-block-paragraph\">Et surtout, cela soul\u00e8ve une question plus large : \u00e0 quel point la r\u00e9forme fiscale devrait-elle \u00eatre pr\u00e9visible en pratique.<br>Pour les entreprises op\u00e9rant au Nigeria, la p\u00e9riode de transition n'est pas seulement un exercice de mise en conformit\u00e9. C'est un exercice de gestion des risques.<\/p>\n\n\n\n<h2 class=\"wp-block-heading\">Kenya : la substance sur la forme en mati\u00e8re de TVA<\/h2>\n\n\n\n<p class=\"wp-block-paragraph\">Tous les d\u00e9veloppements majeurs ne proviennent pas de nouvelles lois.<\/p>\n\n\n\n<p class=\"wp-block-paragraph\">Au Kenya, une d\u00e9cision de justice r\u00e9cente concernant l'externalisation de l'emploi a renforc\u00e9 un principe qui devient de plus en plus important en Afrique\u00a0: ce qui compte, ce n'est pas la fa\u00e7on dont un accord est d\u00e9crit, mais ce qu'il est r\u00e9ellement.<\/p>\n\n\n\n<p class=\"wp-block-paragraph\">Dans l'affaire Stratostaff, la cour a examin\u00e9 si les co\u00fbts d'emploi refactur\u00e9s aux clients pouvaient \u00eatre consid\u00e9r\u00e9s comme des d\u00e9bours et donc exclus de la TVA.<\/p>\n\n\n\n<p class=\"wp-block-paragraph\">La r\u00e9ponse fut non.<\/p>\n\n\n\n<p class=\"wp-block-paragraph\">Parce que la soci\u00e9t\u00e9 d'externalisation :<\/p>\n\n\n\n<ul class=\"wp-block-list\">\n<li>Employ\u00e9 le personnel<\/li>\n\n\n\n<li>Co\u00fbts engag\u00e9s en son propre nom<\/li>\n\n\n\n<li>Agir en tant que principal plut\u00f4t qu'en tant qu'agent<\/li>\n<\/ul>\n\n\n\n<p class=\"wp-block-paragraph\"><\/p>\n\n\n\n<p class=\"wp-block-paragraph\">La cour a jug\u00e9 que tous les montants factur\u00e9s, y compris les salaires, faisaient partie de la fourniture imposable.<br>C'est un r\u00e9sultat significatif, non seulement pour le Kenya, mais aussi pour les mod\u00e8les d'externalisation sur tout le continent.<\/p>\n\n\n\n<p class=\"wp-block-paragraph\">Cela met en \u00e9vidence une tendance plus large :<\/p>\n\n\n\n<ul class=\"wp-block-list\">\n<li>Interpr\u00e9tation restrictive des r\u00e8gles de d\u00e9caissement<\/li>\n\n\n\n<li>Surveillance accrue des structures de recouvrement des co\u00fbts<\/li>\n\n\n\n<li>Une attention croissante port\u00e9e \u00e0 la substance juridique plut\u00f4t qu'aux qualifications contractuelles<\/li>\n<\/ul>\n\n\n\n<p class=\"wp-block-paragraph\"><\/p>\n\n\n\n<p class=\"wp-block-paragraph\">Pour de nombreuses entreprises, en particulier celles qui exploitent des mod\u00e8les de services transfrontaliers, c'est l\u00e0 que le risque s'accumule discr\u00e8tement.<\/p>\n\n\n\n<h2 class=\"wp-block-heading\">La vue d'ensemble : Tendances convergentes<\/h2>\n\n\n\n<p class=\"wp-block-paragraph\">En examinant ces d\u00e9veloppements, quelques th\u00e8mes constants se d\u00e9gagent.<\/p>\n\n\n\n<p class=\"wp-block-paragraph\"><strong>La num\u00e9risation n'est plus une option<\/strong><\/p>\n\n\n\n<ol class=\"wp-block-list\">\n<li><\/li>\n<\/ol>\n\n\n\n<p class=\"wp-block-paragraph\">La facturation \u00e9lectronique, la d\u00e9claration en temps r\u00e9el et les syst\u00e8mes fiscaux num\u00e9riques se d\u00e9veloppent rapidement dans de nombreuses juridictions.<\/p>\n\n\n\n<p class=\"wp-block-paragraph\"><strong>Les r\u00e8gles fiscales internationales deviennent une r\u00e9alit\u00e9 locale<\/strong><\/p>\n\n\n\n<ol start=\"2\" class=\"wp-block-list\">\n<li><\/li>\n<\/ol>\n\n\n\n<p class=\"wp-block-paragraph\">Les r\u00e8gles CFC, l'alignement sur le pilier II et les d\u00e9finitions \u00e9largies de pr\u00e9sence imposable ne sont plus th\u00e9oriques. Elles sont int\u00e9gr\u00e9es dans le droit national.<\/p>\n\n\n\n<p class=\"wp-block-paragraph\"><strong>L'application de la loi devient plus sophistiqu\u00e9e.<\/strong><\/p>\n\n\n\n<ol start=\"3\" class=\"wp-block-list\">\n<li><\/li>\n<\/ol>\n\n\n\n<p class=\"wp-block-paragraph\">Les autorit\u00e9s fiscales ne font pas que modifier les lois. Elles appliquent les r\u00e8gles existantes plus strictement, en particulier dans des domaines tels que la TVA et la structuration transfrontali\u00e8re.<\/p>\n\n\n\n<p class=\"wp-block-paragraph\"><strong>La substance prend le dessus sur la forme<\/strong><\/p>\n\n\n\n<ol start=\"4\" class=\"wp-block-list\">\n<li><\/li>\n<\/ol>\n\n\n\n<p class=\"wp-block-paragraph\">Que ce soit en externalisation, en acc\u00e8s direct ou en structuration, la r\u00e9alit\u00e9 juridique et \u00e9conomique des arrangements prend le pas sur la mani\u00e8re dont ils sont pr\u00e9sent\u00e9s.<\/p>\n\n\n\n<h2 class=\"wp-block-heading\">Ce que cela signifie pour les entreprises<\/h2>\n\n\n\n<p class=\"wp-block-paragraph\">Le T1 2026 renforce un point important.<\/p>\n\n\n\n<p class=\"wp-block-paragraph\">Le risque fiscal en Afrique ne concerne plus uniquement les changements l\u00e9gislatifs majeurs. Il s'agit de plus en plus de :<\/p>\n\n\n\n<ul class=\"wp-block-list\">\n<li><strong>Comment les r\u00e8gles existantes sont interpr\u00e9t\u00e9es<\/strong><\/li>\n\n\n\n<li><strong>La rapidit\u00e9 d'\u00e9volution des syst\u00e8mes<\/strong><\/li>\n\n\n\n<li><strong>Dans quelle mesure les structures s'alignent-elles sur l'activit\u00e9 \u00e9conomique r\u00e9elle<\/strong><\/li>\n<\/ul>\n\n\n\n<p class=\"wp-block-paragraph\"><\/p>\n\n\n\n<p class=\"wp-block-paragraph\">Pour les groupes multinationaux et les investisseurs, cela signifie :<\/p>\n\n\n\n<ul class=\"wp-block-list\">\n<li>Examiner les structures existantes, pas seulement nouvelles<\/li>\n\n\n\n<li>Tests de r\u00e9sistance des mod\u00e8les de TVA et de r\u00e9cup\u00e9ration des co\u00fbts<\/li>\n\n\n\n<li>Surveiller de pr\u00e8s les r\u00e8gles de transition<\/li>\n\n\n\n<li>Pr\u00e9paration \u00e0 une transparence et une divulgation accrues<\/li>\n<\/ul>\n\n\n\n<p class=\"wp-block-paragraph\"><\/p>\n\n\n\n<h2 class=\"wp-block-heading\">Perspectives d'avenir<\/h2>\n\n\n\n<p class=\"wp-block-paragraph\">Si le premier trimestre 2026 est une indication, le reste de l'ann\u00e9e ne sera pas d\u00e9fini par une seule r\u00e9forme ou un changement majeur.<\/p>\n\n\n\n<p class=\"wp-block-paragraph\">Au lieu de cela, il sera fa\u00e7onn\u00e9 par l'effet cumulatif de multiples changements coordonn\u00e9s entre les juridictions.<\/p>\n\n\n\n<p class=\"wp-block-paragraph\">Individuellement, bon nombre de ces changements peuvent sembler g\u00e9rables.<\/p>\n\n\n\n<p class=\"wp-block-paragraph\">Ensemble, ils remod\u00e8lent la mani\u00e8re dont la fiscalit\u00e9 fonctionne sur le continent.<\/p>\n\n\n\n<p class=\"wp-block-paragraph\">Si vous souhaitez discuter plus en d\u00e9tail de votre exposition fiscale en Afrique, notre \u00e9quipe se fera un plaisir d'en parler avec vous, contactez-nous.<\/p>","protected":false},"excerpt":{"rendered":"<p>If there is a single theme that defined tax across Africa in the first quarter of 2026, it is this: change is accelerating, but not always in obvious ways. While some jurisdictions introduced headline reforms, others focused on something less visible but equally important, tightening interpretation, modernising administration and expanding the practical reach of existing [&hellip;]<\/p>\n","protected":false},"author":20,"featured_media":8633,"comment_status":"closed","ping_status":"closed","sticky":false,"template":"","format":"standard","meta":{"footnotes":""},"categories":[894],"tags":[],"class_list":["post-8646","post","type-post","status-publish","format-standard","has-post-thumbnail","hentry","category-africa-bytes"],"acf":[],"publishpress_future_workflow_manual_trigger":{"enabledWorkflows":[]},"_links":{"self":[{"href":"https:\/\/reganvanrooy.com\/fr\/wp-json\/wp\/v2\/posts\/8646","targetHints":{"allow":["GET"]}}],"collection":[{"href":"https:\/\/reganvanrooy.com\/fr\/wp-json\/wp\/v2\/posts"}],"about":[{"href":"https:\/\/reganvanrooy.com\/fr\/wp-json\/wp\/v2\/types\/post"}],"author":[{"embeddable":true,"href":"https:\/\/reganvanrooy.com\/fr\/wp-json\/wp\/v2\/users\/20"}],"replies":[{"embeddable":true,"href":"https:\/\/reganvanrooy.com\/fr\/wp-json\/wp\/v2\/comments?post=8646"}],"version-history":[{"count":3,"href":"https:\/\/reganvanrooy.com\/fr\/wp-json\/wp\/v2\/posts\/8646\/revisions"}],"predecessor-version":[{"id":8658,"href":"https:\/\/reganvanrooy.com\/fr\/wp-json\/wp\/v2\/posts\/8646\/revisions\/8658"}],"wp:featuredmedia":[{"embeddable":true,"href":"https:\/\/reganvanrooy.com\/fr\/wp-json\/wp\/v2\/media\/8633"}],"wp:attachment":[{"href":"https:\/\/reganvanrooy.com\/fr\/wp-json\/wp\/v2\/media?parent=8646"}],"wp:term":[{"taxonomy":"category","embeddable":true,"href":"https:\/\/reganvanrooy.com\/fr\/wp-json\/wp\/v2\/categories?post=8646"},{"taxonomy":"post_tag","embeddable":true,"href":"https:\/\/reganvanrooy.com\/fr\/wp-json\/wp\/v2\/tags?post=8646"}],"curies":[{"name":"wp","href":"https:\/\/api.w.org\/{rel}","templated":true}]}}