{"id":8384,"date":"2026-03-27T11:17:37","date_gmt":"2026-03-27T07:17:37","guid":{"rendered":"https:\/\/reganvanrooy.com\/?p=8384"},"modified":"2026-06-10T13:55:15","modified_gmt":"2026-06-10T09:55:15","slug":"les-contribuables-representants-le-risque-de-responsabilite-personnelle-que-la-plupart-des-cadres-sous-estiment","status":"publish","type":"post","link":"https:\/\/reganvanrooy.com\/fr\/representative-taxpayers-the-personal-liability-risk-most-executives-underestimate\/","title":{"rendered":"Contribuables repr\u00e9sentatifs : Le risque de responsabilit\u00e9 personnelle que la plupart des dirigeants sous-estiment"},"content":{"rendered":"<p class=\"wp-block-paragraph\">Il existe un mythe persistant en Afrique du Sud dans le monde de l'entreprise selon lequel la constitution en soci\u00e9t\u00e9 \u00e9quivaut \u00e0 une protection.<\/p>\n\n\n\n<p class=\"wp-block-paragraph\">\u00c7a ne le fait pas.<\/p>\n\n\n\n<p class=\"wp-block-paragraph\">Si vous \u00eates un fonctionnaire, un directeur financier, un directeur g\u00e9n\u00e9ral, un fiduciaire, un liquidateur, ou toute personne relevant de la d\u00e9finition d'un contribuable repr\u00e9sentant, vous ne signez pas les d\u00e9clarations par simple formalit\u00e9. Vous endossez un r\u00f4le statutaire qui a des cons\u00e9quences.<\/p>\n\n\n\n<p class=\"wp-block-paragraph\">Et oui, vous pouvez \u00eatre tenu personnellement responsable.<\/p>\n\n\n\n<p class=\"wp-block-paragraph\">Ce n'est pas th\u00e9orique. C'est une r\u00e9alit\u00e9 l\u00e9gislative.<\/p>\n\n\n\n<h2 class=\"wp-block-heading\">Qui est un contribuable repr\u00e9sentatif ?<\/h2>\n\n\n\n<p class=\"wp-block-paragraph\">En vertu de la loi fiscale sud-africaine, un repr\u00e9sentant fiscal comprend toute personne qui est responsable d'ex\u00e9cuter les obligations d'un contribuable en son nom. Cela comprend g\u00e9n\u00e9ralement :<\/p>\n\n\n\n<ul class=\"wp-block-list\">\n<li>Agents publics des entreprises<\/li>\n\n\n\n<li>Directeurs dans certaines circonstances<\/li>\n\n\n\n<li>Administrateurs de fiducies<\/li>\n\n\n\n<li>Liquidateurs et praticiens de restructuration d'entreprises<\/li>\n\n\n\n<li>Ex\u00e9cuteurs testamentaires<\/li>\n\n\n\n<li>Administrateurs de paie dans les environnements de paiement \u00e0 la source<\/li>\n<\/ul>\n\n\n\n<p class=\"wp-block-paragraph\"><\/p>\n\n\n\n<p class=\"wp-block-paragraph\">Dans les environnements d'entreprise, cela signifie souvent le directeur financier, le directeur fiscal ou un fonctionnaire public d\u00e9sign\u00e9.<\/p>\n\n\n\n<p class=\"wp-block-paragraph\">Une fois nomm\u00e9, vous n'\u00eates pas un messager. Vous assumez une responsabilit\u00e9 l\u00e9gale.<\/p>\n\n\n\n<h2 class=\"wp-block-heading\">La dure v\u00e9rit\u00e9 : la responsabilit\u00e9 personnelle est r\u00e9elle<\/h2>\n\n\n\n<p class=\"wp-block-paragraph\">L'Autorit\u00e9 fiscale sud-africaine (SARS) dispose de pouvoirs \u00e9tendus en vertu de la loi sur l'administration fiscale pour recouvrer les imp\u00f4ts impay\u00e9s aupr\u00e8s des particuliers dans des circonstances sp\u00e9cifiques.<\/p>\n\n\n\n<p class=\"wp-block-paragraph\">Il s'agit notamment de<\/p>\n\n\n\n<ul class=\"wp-block-list\">\n<li>D\u00e9faut de retenue ou de versement de la PAYE<\/li>\n\n\n\n<li>D\u00e9faut de comptabilisation de la TVA collect\u00e9e<\/li>\n\n\n\n<li>Certains cas de n\u00e9gligence ou de fraude<\/li>\n\n\n\n<li>Situations o\u00f9 l'imp\u00f4t n'a pas \u00e9t\u00e9 pay\u00e9 alors que d'autres cr\u00e9anciers ont \u00e9t\u00e9 pr\u00e9f\u00e9r\u00e9s<\/li>\n\n\n\n<li>Dissipation d'actifs pour faire obstacle \u00e0 la saisie<\/li>\n<\/ul>\n\n\n\n<p class=\"wp-block-paragraph\"><\/p>\n\n\n\n<p class=\"wp-block-paragraph\">Soyons francs :<\/p>\n\n\n\n<p class=\"wp-block-paragraph\">La TVA et la TPS ne sont pas de \u201cl'argent de l'entreprise\u201d. Ce sont des fonds fiduciaires collect\u00e9s pour le compte de l'\u00c9tat. S'ils ne sont pas vers\u00e9s, l'ARC [l'\u00e9quivalent sud-africain de l'administration fiscale] peut aller au-del\u00e0 de l'entreprise.<\/p>\n\n\n\n<h2 class=\"wp-block-heading\">Quand le risque augmente-t-il ?<\/h2>\n\n\n\n<p class=\"wp-block-paragraph\">L'exposition personnelle augmente consid\u00e9rablement dans ces sc\u00e9narios :<\/p>\n\n\n\n<p class=\"wp-block-paragraph\"><strong>D\u00e9tresse financi\u00e8re<\/strong><\/p>\n\n\n\n<p class=\"wp-block-paragraph\">Lorsqu'une entreprise est contrainte par sa tr\u00e9sorerie et que la direction choisit de payer :<\/p>\n\n\n\n<ul class=\"wp-block-list\">\n<li>Fournisseurs<\/li>\n\n\n\n<li>Salaires<\/li>\n\n\n\n<li>Banques<\/li>\n<\/ul>\n\n\n\n<p class=\"wp-block-paragraph\"><\/p>\n\n\n\n<p class=\"wp-block-paragraph\">Au lieu de verser la TVA ou l'imp\u00f4t sur les salaires, cette d\u00e9cision peut faire l'objet d'un examen ult\u00e9rieur. Les dirigeants et les fonctionnaires pourraient se faire demander : \u201c Pourquoi avez-vous pr\u00e9f\u00e9r\u00e9 d'autres cr\u00e9anciers au fisc ? \u201d<\/p>\n\n\n\n<p class=\"wp-block-paragraph\">Dans les contextes d'insolvabilit\u00e9, cette question devient tr\u00e8s pointue.<\/p>\n\n\n\n<p class=\"wp-block-paragraph\"><strong>D\u00e9faillance de gouvernance<\/strong><\/p>\n\n\n\n<p class=\"wp-block-paragraph\">S'il n'y a pas de cadre de contr\u00f4le fiscal document\u00e9, pas d'examen des rapprochements de TVA et pas de surveillance de la conformit\u00e9 de la paie, il devient difficile de plaider pour un diligence raisonnable.<\/p>\n\n\n\n<p class=\"wp-block-paragraph\">La LGRD n'exige pas de fraude pour imposer une responsabilit\u00e9 dans certains cas. La n\u00e9gligence peut suffire.<\/p>\n\n\n\n<p class=\"wp-block-paragraph\"><strong>Administration passive<\/strong><\/p>\n\n\n\n<p class=\"wp-block-paragraph\">Les administrateurs non ex\u00e9cutifs estiment parfois que le risque fiscal est op\u00e9rationnel et qu'il sort de leur champ de comp\u00e9tences. Cette supposition est de plus en plus dangereuse.<\/p>\n\n\n\n<p class=\"wp-block-paragraph\">Les proc\u00e8s-verbaux de r\u00e9union qui ne refl\u00e8tent aucune discussion sur la conformit\u00e9 fiscale dans un environnement difficile ne sont pas utiles lorsque la responsabilit\u00e9 personnelle est prise en compte.<\/p>\n\n\n\n<h2 class=\"wp-block-heading\">Le risque le plus mal compris : \u201c Mais je ne savais pas \u201d<\/h2>\n\n\n\n<p class=\"wp-block-paragraph\">Le manque de connaissances n'est pas toujours une d\u00e9fense. Si vous occupez un poste l\u00e9gal, en particulier un fonctionnaire, vous devez exercer une surveillance.<\/p>\n\n\n\n<p class=\"wp-block-paragraph\">Les tribunaux ne sont pas favorables aux cadres sup\u00e9rieurs qui signent des d\u00e9clarations sans les comprendre :<\/p>\n\n\n\n<ul class=\"wp-block-list\">\n<li>Positions de TVA<\/li>\n\n\n\n<li>Rapprochements de la paie<\/li>\n\n\n\n<li>Dispositions fiscales importantes<\/li>\n\n\n\n<li>Expositions aux litiges<\/li>\n<\/ul>\n\n\n\n<p class=\"wp-block-paragraph\"><\/p>\n\n\n\n<p class=\"wp-block-paragraph\">La d\u00e9l\u00e9gation n'\u00e9limine pas la responsabilit\u00e9.<\/p>\n\n\n\n<h2 class=\"wp-block-heading\">Expositions dans le monde r\u00e9el<\/h2>\n\n\n\n<p class=\"wp-block-paragraph\">D'apr\u00e8s l'exp\u00e9rience, voici les points sensibles o\u00f9 le risque personnel se mat\u00e9rialise\u00a0:<\/p>\n\n\n\n<ul class=\"wp-block-list\">\n<li>Retenues insuffisantes sur le PAYE dans le cadre des r\u00e9gimes d'actions pour dirigeants<\/li>\n\n\n\n<li>Sous-paiements de TVA d\u00e9couverts lors d'un audit<\/li>\n\n\n\n<li>D\u00e9faillances du syst\u00e8me de paie non corrig\u00e9es en temps opportun<\/li>\n\n\n\n<li>D\u00e9cisions de tr\u00e9sorerie pendant le sauvetage d'entreprise<\/li>\n\n\n\n<li>Positions fiscales agressives prises \u00e0 l'insu du conseil d'administration<\/li>\n<\/ul>\n\n\n\n<p class=\"wp-block-paragraph\"><\/p>\n\n\n\n<p class=\"wp-block-paragraph\">Le point commun ? Une documentation faible et une gouvernance m\u00e9diocre.<\/p>\n\n\n\n<h2 class=\"wp-block-heading\">Ce \u00e0 quoi ressemble r\u00e9ellement la protection<\/h2>\n\n\n\n<p class=\"wp-block-paragraph\">Si vous \u00eates un contribuable repr\u00e9sent\u00e9, votre protection n'est pas l'optimisme, c'est le processus.<\/p>\n\n\n\n<p class=\"wp-block-paragraph\">Vous devriez insister sur :<\/p>\n\n\n\n<ol class=\"wp-block-list\">\n<li>Rapports trimestriels de contr\u00f4le de la TVA et de la paie<\/li>\n\n\n\n<li>Registre des risques fiscaux officiel examin\u00e9 au niveau du conseil d'administration<\/li>\n\n\n\n<li>Documentation claire des d\u00e9cisions de difficult\u00e9s financi\u00e8res<\/li>\n\n\n\n<li>Preuves que la fiscalit\u00e9 a \u00e9t\u00e9 correctement prioris\u00e9e<\/li>\n\n\n\n<li>Correction imm\u00e9diate des erreurs d\u00e9couvertes<\/li>\n\n\n\n<li>Conseils professionnels en mati\u00e8re de litiges<\/li>\n<\/ol>\n\n\n\n<p class=\"wp-block-paragraph\"><\/p>\n\n\n\n<p class=\"wp-block-paragraph\">Lorsque les minutes refl\u00e8tent une surveillance active, votre position personnelle se renforce consid\u00e9rablement.<\/p>\n\n\n\n<h2 class=\"wp-block-heading\">Un message aux directeurs financiers et aux responsables fiscaux<\/h2>\n\n\n\n<p class=\"wp-block-paragraph\">Vous \u00eates plus proche de ce risque que la plupart des gens.<\/p>\n\n\n\n<p class=\"wp-block-paragraph\">Si vous occupez le poste d'agent public, vous \u00eates le repr\u00e9sentant l\u00e9gal de l'entreprise \u00e0 des fins fiscales.<\/p>\n\n\n\n<p class=\"wp-block-paragraph\">Demandez-vous honn\u00eatement :<\/p>\n\n\n\n<ul class=\"wp-block-list\">\n<li>Connaissez-vous la position actuelle concernant la TVA \u00e0 payer ?<\/li>\n\n\n\n<li>Les r\u00e9conciliations de la paie sont-elles propres ?<\/li>\n\n\n\n<li>Y a-t-il des requ\u00eates SARS non r\u00e9solues ?<\/li>\n\n\n\n<li>Si l'entreprise entrait en d\u00e9tresse demain, seriez-vous \u00e0 l'aise avec les d\u00e9cisions pass\u00e9es ?<\/li>\n<\/ul>\n\n\n\n<p class=\"wp-block-paragraph\"><\/p>\n\n\n\n<p class=\"wp-block-paragraph\">Si la r\u00e9ponse \u00e0 l'une de ces questions est incertaine, cette incertitude est un risque personnel.<\/p>\n\n\n\n<p class=\"wp-block-paragraph\">La personnalit\u00e9 juridique d'une entreprise n'est pas un bouclier imp\u00e9n\u00e9trable. Dans des circonstances sp\u00e9cifiques, l'ARC peut regarder derri\u00e8re l'entit\u00e9, et le fait.<\/p>\n\n\n\n<p class=\"wp-block-paragraph\">Le statut de contribuable repr\u00e9sentatif n'est pas c\u00e9r\u00e9moniel. C'est une responsabilit\u00e9 statutaire.<\/p>\n\n\n\n<p class=\"wp-block-paragraph\">Le dirigeant prudent ne panique pas mais il se pr\u00e9pare.<\/p>\n\n\n\n<p class=\"wp-block-paragraph\">Car le pire moment pour comprendre son exposition personnelle est lorsque des proc\u00e9dures de recouvrement ont d\u00e9j\u00e0 commenc\u00e9.<\/p>\n\n\n\n<p class=\"wp-block-paragraph\">Si vous souhaitez une assistance pour examiner votre cadre de gouvernance, renforcer vos processus de contr\u00f4le fiscal ou \u00e9valuer une exposition potentielle, <a href=\"https:\/\/reganvanrooy.com\/fr\/contact\/\">contact<\/a>, notre \u00e9quipe serait ravie de vous aider.<\/p>\n\n\n\n<p class=\"wp-block-paragraph\"><\/p>","protected":false},"excerpt":{"rendered":"<p>There is a persistent myth in corporate South Africa that incorporation equals insulation. It does not. If you are a public officer, finance director, managing director, trustee, liquidator, or any person who falls within the definition of a representative taxpayer, you are not merely signing returns as a formality. You are stepping into a statutory [&hellip;]<\/p>\n","protected":false},"author":18,"featured_media":8394,"comment_status":"closed","ping_status":"closed","sticky":false,"template":"","format":"standard","meta":{"footnotes":""},"categories":[259],"tags":[],"class_list":["post-8384","post","type-post","status-publish","format-standard","has-post-thumbnail","hentry","category-tax"],"acf":[],"publishpress_future_workflow_manual_trigger":{"enabledWorkflows":[]},"_links":{"self":[{"href":"https:\/\/reganvanrooy.com\/fr\/wp-json\/wp\/v2\/posts\/8384","targetHints":{"allow":["GET"]}}],"collection":[{"href":"https:\/\/reganvanrooy.com\/fr\/wp-json\/wp\/v2\/posts"}],"about":[{"href":"https:\/\/reganvanrooy.com\/fr\/wp-json\/wp\/v2\/types\/post"}],"author":[{"embeddable":true,"href":"https:\/\/reganvanrooy.com\/fr\/wp-json\/wp\/v2\/users\/18"}],"replies":[{"embeddable":true,"href":"https:\/\/reganvanrooy.com\/fr\/wp-json\/wp\/v2\/comments?post=8384"}],"version-history":[{"count":10,"href":"https:\/\/reganvanrooy.com\/fr\/wp-json\/wp\/v2\/posts\/8384\/revisions"}],"predecessor-version":[{"id":8395,"href":"https:\/\/reganvanrooy.com\/fr\/wp-json\/wp\/v2\/posts\/8384\/revisions\/8395"}],"wp:featuredmedia":[{"embeddable":true,"href":"https:\/\/reganvanrooy.com\/fr\/wp-json\/wp\/v2\/media\/8394"}],"wp:attachment":[{"href":"https:\/\/reganvanrooy.com\/fr\/wp-json\/wp\/v2\/media?parent=8384"}],"wp:term":[{"taxonomy":"category","embeddable":true,"href":"https:\/\/reganvanrooy.com\/fr\/wp-json\/wp\/v2\/categories?post=8384"},{"taxonomy":"post_tag","embeddable":true,"href":"https:\/\/reganvanrooy.com\/fr\/wp-json\/wp\/v2\/tags?post=8384"}],"curies":[{"name":"wp","href":"https:\/\/api.w.org\/{rel}","templated":true}]}}