{"id":8340,"date":"2026-02-27T12:34:42","date_gmt":"2026-02-27T08:34:42","guid":{"rendered":"https:\/\/reganvanrooy.com\/?p=8340"},"modified":"2026-06-10T13:58:06","modified_gmt":"2026-06-10T09:58:06","slug":"tout-ce-quil-faut-savoir-sur-le-budget-de-lafrique-du-sud-pour-2026","status":"publish","type":"post","link":"https:\/\/reganvanrooy.com\/fr\/all-you-need-to-know-about-the-2026-south-african-budget\/","title":{"rendered":"Tout ce qu'il faut savoir sur le budget 2026 de l'Afrique du Sud"},"content":{"rendered":"<p class=\"wp-block-paragraph\">Le 25 f\u00e9vrier 2026, le ministre des finances a pr\u00e9sent\u00e9 au Parlement le budget national de l'Afrique du Sud. Le budget 2026 refl\u00e8te un changement de ton notable : des recettes plus importantes que pr\u00e9vu ont permis de stabiliser le budget sans augmenter les imp\u00f4ts \u00e0 grande \u00e9chelle, tout en maintenant l'accent sur la redistribution et en s'engageant dans une r\u00e9forme structurelle.<\/p>\n\n\n\n<p class=\"wp-block-paragraph\">Nous pr\u00e9sentons ci-dessous les principales mesures et ce qu'elles signifient en pratique.<\/p>\n\n\n\n<h2 class=\"wp-block-heading\">Situation budg\u00e9taire : Un tournant<\/h2>\n\n\n\n<p class=\"wp-block-paragraph\"><strong>Stabilisation de la dette<\/strong><\/p>\n\n\n\n<p class=\"wp-block-paragraph\">La dette publique brute devrait se stabiliser \u00e0 un niveau d'environ <strong>78,9% du PIB en 2025\/26<\/strong>, avant de diminuer progressivement jusqu'\u00e0 environ <strong>76,5% du PIB d'ici \u00e0 2028\/29<\/strong>. Il s'agit de la premi\u00e8re stabilisation durable apr\u00e8s de nombreuses ann\u00e9es d'augmentation.<\/p>\n\n\n\n<p class=\"wp-block-paragraph\"><strong>D\u00e9ficit budg\u00e9taire<\/strong><\/p>\n\n\n\n<p class=\"wp-block-paragraph\">Le d\u00e9ficit du budget principal devrait se r\u00e9duire, passant d'environ 4,5% du PIB \u00e0 2,9% du PIB \u00e0 moyen terme, gr\u00e2ce \u00e0 l'am\u00e9lioration des recettes.<\/p>\n\n\n\n<p class=\"wp-block-paragraph\"><strong>Exc\u00e9dent primaire<\/strong><\/p>\n\n\n\n<p class=\"wp-block-paragraph\">Un exc\u00e9dent budg\u00e9taire primaire (recettes sup\u00e9rieures aux d\u00e9penses hors int\u00e9r\u00eats) est pr\u00e9vu, ce qui renforce la viabilit\u00e9 budg\u00e9taire.<\/p>\n\n\n\n<p class=\"wp-block-paragraph\"><strong>Ancrage fiscal<\/strong><\/p>\n\n\n\n<p class=\"wp-block-paragraph\">Le Tr\u00e9sor national a confirm\u00e9 qu'un ancrage budg\u00e9taire fond\u00e9 sur des principes sera introduit plus tard en 2026 afin d'ancrer la discipline budg\u00e9taire \u00e0 long terme dans la l\u00e9gislation.<\/p>\n\n\n\n<p class=\"wp-block-paragraph\"><strong>Implication<\/strong>: La cr\u00e9dibilit\u00e9 budg\u00e9taire de l'Afrique du Sud s'est am\u00e9lior\u00e9e, ce qui soutient les mesures du risque souverain et la confiance des investisseurs.<\/p>\n\n\n\n<h2 class=\"wp-block-heading\">Politique fiscale : All\u00e9ger plut\u00f4t qu'augmenter les recettes<\/h2>\n\n\n\n<p class=\"wp-block-paragraph\">La caract\u00e9ristique la plus importante du budget 2026 est l'absence d'augmentations d'imp\u00f4ts g\u00e9n\u00e9ralis\u00e9es.<\/p>\n\n\n\n<p class=\"wp-block-paragraph\"><strong>Imp\u00f4t sur le revenu des personnes physiques<\/strong><\/p>\n\n\n\n<ul class=\"wp-block-list\">\n<li><strong>Tranches d'imposition<\/strong> <strong>et rabais<\/strong> ont \u00e9t\u00e9 enti\u00e8rement ajust\u00e9es \u00e0 l'inflation (apr\u00e8s deux ann\u00e9es sans ajustement complet).<\/li>\n<\/ul>\n\n\n\n<ul class=\"wp-block-list\">\n<li><strong>Cr\u00e9dit d'imp\u00f4t m\u00e9dical<\/strong> ont \u00e9galement \u00e9t\u00e9 augment\u00e9s en fonction de l'inflation.<\/li>\n<\/ul>\n\n\n\n<p class=\"wp-block-paragraph\"><\/p>\n\n\n\n<p class=\"wp-block-paragraph\">Cette mesure prot\u00e8ge les contribuables d'une nouvelle augmentation des tranches d'imposition et apporte un r\u00e9el soulagement aux m\u00e9nages.<\/p>\n\n\n\n<p class=\"wp-block-paragraph\"><strong>Retrait des propositions d'augmentation d'imp\u00f4ts<\/strong><\/p>\n\n\n\n<p class=\"wp-block-paragraph\">Le projet annonc\u00e9 pr\u00e9c\u00e9demment <strong>20 milliards de rands de hausses d'imp\u00f4ts<\/strong> (signal\u00e9e dans les perspectives \u00e0 moyen terme de l'ann\u00e9e derni\u00e8re) a \u00e9t\u00e9 retir\u00e9e en raison de recettes plus importantes que pr\u00e9vu.<\/p>\n\n\n\n<p class=\"wp-block-paragraph\"><strong>Incitations \u00e0 l'\u00e9pargne<\/strong><\/p>\n\n\n\n<ul class=\"wp-block-list\">\n<li>Le plafond annuel du compte d'\u00e9pargne libre d'imp\u00f4t (CELI) est port\u00e9 de 1,5 \u00e0 1,5 million d'euros. <strong>R36 000 \u00e0 R46 000.<\/strong><\/li>\n<\/ul>\n\n\n\n<ul class=\"wp-block-list\">\n<li>Le plafond de la d\u00e9duction pour les fonds de retraite passe de <strong>R350 000 \u00e0 R430 000.<\/strong><\/li>\n<\/ul>\n\n\n\n<p class=\"wp-block-paragraph\"><\/p>\n\n\n\n<p class=\"wp-block-paragraph\">Ces changements encouragent l'\u00e9pargne \u00e0 long terme des m\u00e9nages et la constitution d'une retraite.<\/p>\n\n\n\n<ul class=\"wp-block-list\">\n<li>Le seuil d'enregistrement de la TVA passe de R1 million \u00e0 R2,3 millions, ce qui facilite la mise en conformit\u00e9.<\/li>\n<\/ul>\n\n\n\n<ul class=\"wp-block-list\">\n<li>L'exon\u00e9ration de l'imp\u00f4t sur les plus-values \u00e0 vie pour les propri\u00e9taires de petites entreprises \u00e2g\u00e9s de 55 ans et plus qui remplissent les conditions requises a \u00e9t\u00e9 port\u00e9e de R1,8 million \u00e0 R2,7 millions, et la valeur marchande maximale de l'entreprise qui donne droit \u00e0 cette exon\u00e9ration a \u00e9t\u00e9 port\u00e9e de R10 millions \u00e0 R15 millions. Ce changement vise \u00e0 offrir un plus grand all\u00e9gement fiscal aux propri\u00e9taires de petites entreprises, en particulier \u00e0 ceux qui pr\u00e9voient de vendre leur entreprise.<\/li>\n<\/ul>\n\n\n\n<p class=\"wp-block-paragraph\"><\/p>\n\n\n\n<p class=\"wp-block-paragraph\"><strong>Accises et carburants<\/strong><\/p>\n\n\n\n<p class=\"wp-block-paragraph\">Les droits d'accises sur l'alcool et le tabac, ainsi que les taxes sur les carburants, augmentent globalement au m\u00eame rythme que l'inflation.<\/p>\n\n\n\n<p class=\"wp-block-paragraph\"><strong>Implication<\/strong>: Le budget 2026 est neutre sur le plan fiscal, voire l\u00e9g\u00e8rement expansionniste. Le Tr\u00e9sor a opt\u00e9 pour la stabilit\u00e9 et des all\u00e8gements cibl\u00e9s plut\u00f4t que pour un resserrement budg\u00e9taire par le biais de nouvelles taxes.<\/p>\n\n\n\n<p class=\"wp-block-paragraph\"><strong>Mise \u00e0 jour de l'allocation discr\u00e9tionnaire unique (ADU)<\/strong><\/p>\n\n\n\n<ul class=\"wp-block-list\">\n<li>La SDA a officiellement doubl\u00e9 !&nbsp;&nbsp;<\/li>\n<\/ul>\n\n\n\n<ul class=\"wp-block-list\">\n<li>Nouvelle limite : R2 millions par adulte et par ann\u00e9e civile (au lieu de R1 millions).<\/li>\n<\/ul>\n\n\n\n<ul class=\"wp-block-list\">\n<li>Avantage : vous pouvez d\u00e9sormais transf\u00e9rer \u00e0 l'\u00e9tranger jusqu'\u00e0 2 millions d'euros sans avoir besoin d'un code PIN SARS de conformit\u00e9 fiscale (TCS).<\/li>\n<\/ul>\n\n\n\n<ul class=\"wp-block-list\">\n<li><strong>Efficace<\/strong>: Imm\u00e9diatement.<\/li>\n<\/ul>\n\n\n\n<h2 class=\"wp-block-heading\">Subventions sociales et salaire social<\/h2>\n\n\n\n<p class=\"wp-block-paragraph\">Les d\u00e9penses totales de subventions sociales pour 2026\/27 s'\u00e9l\u00e8vent \u00e0 environ 292,8 milliards de rands.<\/p>\n\n\n\n<p class=\"wp-block-paragraph\">\u00c0 partir d'avril 2026 :<\/p>\n\n\n\n<ul class=\"wp-block-list\">\n<li>Allocations de vieillesse, d'invalidit\u00e9 et de d\u00e9pendance : augmentation de 80 rands pour atteindre 2 400 rands.<\/li>\n<\/ul>\n\n\n\n<ul class=\"wp-block-list\">\n<li>Allocation aux anciens combattants : augmentation de 80 rands pour atteindre 2 420 rands.<\/li>\n<\/ul>\n\n\n\n<ul class=\"wp-block-list\">\n<li>Allocation de placement familial : augmentation \u00e0 R1 290 (avril) et R1 300 (octobre).<\/li>\n<\/ul>\n\n\n\n<ul class=\"wp-block-list\">\n<li>Allocation de soutien familial : passe \u00e0 R580.<\/li>\n<\/ul>\n\n\n\n<p class=\"wp-block-paragraph\"><\/p>\n\n\n\n<p class=\"wp-block-paragraph\">La subvention pour l'aide sociale d'urgence (SRD) reste inchang\u00e9e.<\/p>\n\n\n\n<p class=\"wp-block-paragraph\">Plus de 60% des d\u00e9penses hors int\u00e9r\u00eats continuent d'\u00eatre affect\u00e9es au \u201csalaire social\u201d (\u00e9ducation, sant\u00e9 et protection sociale).<\/p>\n\n\n\n<p class=\"wp-block-paragraph\">Implication : L'objectif de redistribution du cadre budg\u00e9taire sud-africain reste fermement intact.<\/p>\n\n\n\n<h2 class=\"wp-block-heading\">D\u00e9penses et infrastructures<\/h2>\n\n\n\n<p class=\"wp-block-paragraph\"><strong>D\u00e9penses totales<\/strong><\/p>\n\n\n\n<p class=\"wp-block-paragraph\">Les d\u00e9penses publiques pour 2026\/27 sont budg\u00e9tis\u00e9es \u00e0 environ <strong>R2,67 trillions.<\/strong><\/p>\n\n\n\n<p class=\"wp-block-paragraph\"><strong>Infrastructure<\/strong><\/p>\n\n\n\n<p class=\"wp-block-paragraph\">Les d\u00e9penses d'infrastructure publique \u00e0 moyen terme d\u00e9passent les 1 000 milliards d'euros :<\/p>\n\n\n\n<ul class=\"wp-block-list\">\n<li>R\u00e9forme de l'\u00e9nergie et stabilisation de l'\u00e9lectricit\u00e9<\/li>\n\n\n\n<li>Am\u00e9lioration de la logistique ferroviaire et portuaire<\/li>\n\n\n\n<li>Eau et infrastructures de transport<\/li>\n\n\n\n<li>Recours accru aux partenariats public-priv\u00e9<\/li>\n<\/ul>\n\n\n\n<p class=\"wp-block-paragraph\"><\/p>\n\n\n\n<p class=\"wp-block-paragraph\"><strong>Paix et s\u00e9curit\u00e9<\/strong><\/p>\n\n\n\n<p class=\"wp-block-paragraph\">Les dotations pour la police, la d\u00e9fense et la gestion des fronti\u00e8res augmentent \u00e0 moyen terme.<\/p>\n\n\n\n<p class=\"wp-block-paragraph\"><strong>Implication<\/strong>: Le budget renforce la croissance bas\u00e9e sur les infrastructures en tant que levier politique essentiel.<\/p>\n\n\n\n<h2 class=\"wp-block-heading\">Programme de r\u00e9formes structurelles<\/h2>\n\n\n\n<p class=\"wp-block-paragraph\">Le budget 2026 r\u00e9affirme l'engagement en faveur des r\u00e9formes structurelles, notamment :<\/p>\n\n\n\n<ul class=\"wp-block-list\">\n<li>Poursuite de la r\u00e9forme du march\u00e9 de l'\u00e9nergie et de la participation du secteur priv\u00e9.<\/li>\n\n\n\n<li>R\u00e9forme de la logistique pour r\u00e9duire les goulets d'\u00e9tranglement portuaires et ferroviaires.<\/li>\n\n\n\n<li>Renforcement de la surveillance des autorit\u00e9s locales et r\u00e9forme de la prestation de services.<\/li>\n<\/ul>\n\n\n\n<p class=\"wp-block-paragraph\"><\/p>\n\n\n\n<p class=\"wp-block-paragraph\">Si la croissance \u00e9conomique reste modeste \u00e0 court terme, la trajectoire des r\u00e9formes reste coh\u00e9rente.<\/p>\n\n\n\n<h2 class=\"wp-block-heading\">Ce que cela signifie pour les clients<\/h2>\n\n\n\n<p class=\"wp-block-paragraph\"><strong>Pour les particuliers<\/strong><\/p>\n\n\n\n<ul class=\"wp-block-list\">\n<li>Protection contre le fluage des supports.<\/li>\n\n\n\n<li>Augmentation de la capacit\u00e9 d'\u00e9pargne-retraite et d'\u00e9pargne libre d'imp\u00f4t.<\/li>\n\n\n\n<li>Pas de nouveaux imp\u00f4ts \u00e0 large assiette.<\/li>\n<\/ul>\n\n\n\n<p class=\"wp-block-paragraph\"><\/p>\n\n\n\n<p class=\"wp-block-paragraph\"><strong>Pour les petites entreprises<\/strong><\/p>\n\n\n\n<ul class=\"wp-block-list\">\n<li>R\u00e9duction de la pression li\u00e9e \u00e0 la conformit\u00e9 \u00e0 la TVA.<\/li>\n\n\n\n<li>All\u00e9gement cibl\u00e9 pour les cessions de petites entreprises.<\/li>\n\n\n\n<li>Augmentations li\u00e9es \u00e0 l'inflation uniquement pour les imp\u00f4ts indirects.<\/li>\n<\/ul>\n\n\n\n<p class=\"wp-block-paragraph\"><\/p>\n\n\n\n<p class=\"wp-block-paragraph\"><strong>Pour les entreprises et les investisseurs<\/strong><\/p>\n\n\n\n<ul class=\"wp-block-list\">\n<li>La stabilisation des indicateurs de la dette am\u00e9liore la pr\u00e9visibilit\u00e9 budg\u00e9taire.<\/li>\n\n\n\n<li>L'exc\u00e9dent primaire favorise la viabilit\u00e9 \u00e0 long terme.<\/li>\n\n\n\n<li>La r\u00e9forme des infrastructures reste une priorit\u00e9.<\/li>\n<\/ul>\n\n\n\n<p class=\"wp-block-paragraph\"><\/p>\n\n\n\n<h2 class=\"wp-block-heading\">Conclusion<\/h2>\n\n\n\n<p class=\"wp-block-paragraph\">Le budget 2026 signale une consolidation fiscale sans aust\u00e9rit\u00e9 et un all\u00e8gement sans insouciance. Le Tr\u00e9sor a mis \u00e0 profit l'am\u00e9lioration des recettes pour stabiliser la dette, retirer les augmentations d'imp\u00f4ts propos\u00e9es pr\u00e9c\u00e9demment et renforcer les priorit\u00e9s de la r\u00e9forme.<\/p>\n\n\n\n<p class=\"wp-block-paragraph\"><br>D'un point de vue fiscal et consultatif, le th\u00e8me cl\u00e9 est la pr\u00e9visibilit\u00e9 et la stabilit\u00e9, plut\u00f4t que les changements fiscaux structurels. <a href=\"https:\/\/reganvanrooy.com\/fr\/contact\/\">Prenez contact<\/a> si vous souhaitez en discuter plus en d\u00e9tail.<\/p>\n\n\n\n<p class=\"wp-block-paragraph\"><\/p>","protected":false},"excerpt":{"rendered":"<p>On 25 February 2026, the Minister of Finance tabled South Africa\u2019s National Budget in Parliament. Budget 2026 reflects a notable shift in tone: stronger-than-expected revenue collections have enabled fiscal stabilisation without broad-based tax increases, while maintaining a redistributive focus and committing to structural reform. Below, we set out the key measures and what they mean [&hellip;]<\/p>\n","protected":false},"author":18,"featured_media":8342,"comment_status":"closed","ping_status":"closed","sticky":false,"template":"","format":"standard","meta":{"footnotes":""},"categories":[313],"tags":[135],"class_list":["post-8340","post","type-post","status-publish","format-standard","has-post-thumbnail","hentry","category-south-africa-budget","tag-budget-speech"],"acf":[],"publishpress_future_workflow_manual_trigger":{"enabledWorkflows":[]},"_links":{"self":[{"href":"https:\/\/reganvanrooy.com\/fr\/wp-json\/wp\/v2\/posts\/8340","targetHints":{"allow":["GET"]}}],"collection":[{"href":"https:\/\/reganvanrooy.com\/fr\/wp-json\/wp\/v2\/posts"}],"about":[{"href":"https:\/\/reganvanrooy.com\/fr\/wp-json\/wp\/v2\/types\/post"}],"author":[{"embeddable":true,"href":"https:\/\/reganvanrooy.com\/fr\/wp-json\/wp\/v2\/users\/18"}],"replies":[{"embeddable":true,"href":"https:\/\/reganvanrooy.com\/fr\/wp-json\/wp\/v2\/comments?post=8340"}],"version-history":[{"count":6,"href":"https:\/\/reganvanrooy.com\/fr\/wp-json\/wp\/v2\/posts\/8340\/revisions"}],"predecessor-version":[{"id":8349,"href":"https:\/\/reganvanrooy.com\/fr\/wp-json\/wp\/v2\/posts\/8340\/revisions\/8349"}],"wp:featuredmedia":[{"embeddable":true,"href":"https:\/\/reganvanrooy.com\/fr\/wp-json\/wp\/v2\/media\/8342"}],"wp:attachment":[{"href":"https:\/\/reganvanrooy.com\/fr\/wp-json\/wp\/v2\/media?parent=8340"}],"wp:term":[{"taxonomy":"category","embeddable":true,"href":"https:\/\/reganvanrooy.com\/fr\/wp-json\/wp\/v2\/categories?post=8340"},{"taxonomy":"post_tag","embeddable":true,"href":"https:\/\/reganvanrooy.com\/fr\/wp-json\/wp\/v2\/tags?post=8340"}],"curies":[{"name":"wp","href":"https:\/\/api.w.org\/{rel}","templated":true}]}}